{"id":2029,"date":"2026-04-25T14:53:36","date_gmt":"2026-04-25T19:53:36","guid":{"rendered":"https:\/\/megafoniando.cerrosfc.org\/?p=2029"},"modified":"2026-04-25T14:53:37","modified_gmt":"2026-04-25T19:53:37","slug":"raices-que-florecen-la-comuna-9-teje-memoria-identidad-y-futuro-desde-la-cultura-afro","status":"publish","type":"post","link":"https:\/\/megafoniando.cerrosfc.org\/index.php\/2026\/04\/25\/raices-que-florecen-la-comuna-9-teje-memoria-identidad-y-futuro-desde-la-cultura-afro\/","title":{"rendered":"Ra\u00edces que florecen: la Comuna 9 teje memoria, identidad y futuro desde la cultura Afro."},"content":{"rendered":"\n<p>En la Comuna 9 no solo se desarrollaron talleres: se vivieron experiencias cargadas de sentido, donde la memoria, el encuentro y el aprendizaje se entrelazaron para dar vida a la riqueza cultural afro que habita en nuestro territorio. Fueron espacios donde cada gesto, cada palabra y cada pr\u00e1ctica se convirti\u00f3 en una forma de resistencia, de orgullo y de afirmaci\u00f3n identitaria.<\/p>\n\n\n\n<p>A trav\u00e9s de la danza, los cuerpos narraron historias que han atravesado generaciones; con los turbantes y el trenzado, las manos rescataron saberes que van m\u00e1s all\u00e1 de la est\u00e9tica, convirti\u00e9ndose en s\u00edmbolos de herencia, dignidad y pertenencia. La gastronom\u00eda y los dulces tradicionales despertaron recuerdos, conectando sabores con historias familiares y comunitarias, mientras que la formaci\u00f3n en torno a la Ley 70 permiti\u00f3 reconocer y reafirmar los derechos, la historia y el valor del pueblo afrocolombiano.<\/p>\n\n\n\n<p>Estos procesos no solo buscan ense\u00f1ar, sino tambi\u00e9n fortalecer la identidad afro, visibilizar su presencia en la comuna y generar espacios donde la cultura se viva de manera colectiva. Son escenarios donde se construyen lazos, se comparten conocimientos y se siembran semillas de conciencia en las nuevas generaciones.<\/p>\n\n\n\n<p>El video que acompa\u00f1a este recorrido captura fragmentos de estos momentos: risas compartidas, aprendizajes colectivos y expresiones culturales que hablan por s\u00ed solas. Es un testimonio de c\u00f3mo la comunidad se re\u00fane para honrar su historia y proyectarla hacia el futuro.<\/p>\n\n\n\n<p>Porque preservar estas tradiciones no es un acto nost\u00e1lgico ni un simple recuerdo del pasado. Es una apuesta viva, un compromiso con el presente y una responsabilidad con el futuro. Es asegurar que cada saber, cada ritmo y cada historia contin\u00fae resonando, creciendo y transform\u00e1ndose en el coraz\u00f3n de la comunidad.<\/p>\n\n\n\n<figure class=\"wp-block-embed is-type-video is-provider-youtube wp-block-embed-youtube wp-embed-aspect-16-9 wp-has-aspect-ratio\"><div class=\"wp-block-embed__wrapper\">\n<iframe loading=\"lazy\" title=\"Cultura Afro comuna 9 \" width=\"960\" height=\"540\" src=\"https:\/\/www.youtube.com\/embed\/g_hvFcAI_0s?feature=oembed\" frameborder=\"0\" allow=\"accelerometer; autoplay; clipboard-write; encrypted-media; gyroscope; picture-in-picture; web-share\" referrerpolicy=\"strict-origin-when-cross-origin\" allowfullscreen><\/iframe>\n<\/div><\/figure>\n","protected":false},"excerpt":{"rendered":"<p>En la Comuna 9 no solo se desarrollaron talleres: se vivieron experiencias cargadas de sentido, donde la memoria, el encuentro y el aprendizaje se entrelazaron para dar vida a la riqueza cultural afro que habita en nuestro territorio. Fueron espacios donde cada gesto, cada palabra y cada pr\u00e1ctica se convirti\u00f3 en una forma de resistencia, de orgullo y de afirmaci\u00f3n identitaria. A trav\u00e9s de la danza, los cuerpos narraron historias que han atravesado generaciones; con los turbantes y el trenzado, las manos rescataron saberes que van m\u00e1s all\u00e1 de la est\u00e9tica, convirti\u00e9ndose en s\u00edmbolos de herencia, dignidad y pertenencia. La gastronom\u00eda y los dulces tradicionales despertaron recuerdos, conectando sabores con historias familiares y comunitarias, mientras que la formaci\u00f3n en torno a la Ley 70 permiti\u00f3 reconocer y reafirmar los derechos, la historia y el valor del pueblo afrocolombiano. Estos procesos no solo buscan ense\u00f1ar, sino tambi\u00e9n fortalecer la identidad afro, visibilizar su presencia en la comuna y generar espacios donde la cultura se viva de manera colectiva. Son escenarios donde se construyen lazos, se comparten conocimientos y se siembran semillas de conciencia en las nuevas generaciones. El video que acompa\u00f1a este recorrido captura fragmentos de estos momentos: risas compartidas, aprendizajes colectivos y expresiones culturales que hablan por s\u00ed solas. Es un testimonio de c\u00f3mo la comunidad se re\u00fane para honrar su historia y proyectarla hacia el futuro. Porque preservar estas tradiciones no es un acto nost\u00e1lgico ni un simple recuerdo del pasado. Es una apuesta viva, un compromiso con el presente y una responsabilidad con el futuro. Es asegurar que cada saber, cada ritmo y cada historia contin\u00fae resonando, creciendo y transform\u00e1ndose en el coraz\u00f3n de la comunidad.<\/p>\n","protected":false},"author":1,"featured_media":0,"comment_status":"open","ping_status":"open","sticky":false,"template":"","format":"standard","meta":{"iawp_total_views":0,"_links_to":"","_links_to_target":""},"categories":[1],"tags":[],"_links":{"self":[{"href":"https:\/\/megafoniando.cerrosfc.org\/index.php\/wp-json\/wp\/v2\/posts\/2029"}],"collection":[{"href":"https:\/\/megafoniando.cerrosfc.org\/index.php\/wp-json\/wp\/v2\/posts"}],"about":[{"href":"https:\/\/megafoniando.cerrosfc.org\/index.php\/wp-json\/wp\/v2\/types\/post"}],"author":[{"embeddable":true,"href":"https:\/\/megafoniando.cerrosfc.org\/index.php\/wp-json\/wp\/v2\/users\/1"}],"replies":[{"embeddable":true,"href":"https:\/\/megafoniando.cerrosfc.org\/index.php\/wp-json\/wp\/v2\/comments?post=2029"}],"version-history":[{"count":1,"href":"https:\/\/megafoniando.cerrosfc.org\/index.php\/wp-json\/wp\/v2\/posts\/2029\/revisions"}],"predecessor-version":[{"id":2030,"href":"https:\/\/megafoniando.cerrosfc.org\/index.php\/wp-json\/wp\/v2\/posts\/2029\/revisions\/2030"}],"wp:attachment":[{"href":"https:\/\/megafoniando.cerrosfc.org\/index.php\/wp-json\/wp\/v2\/media?parent=2029"}],"wp:term":[{"taxonomy":"category","embeddable":true,"href":"https:\/\/megafoniando.cerrosfc.org\/index.php\/wp-json\/wp\/v2\/categories?post=2029"},{"taxonomy":"post_tag","embeddable":true,"href":"https:\/\/megafoniando.cerrosfc.org\/index.php\/wp-json\/wp\/v2\/tags?post=2029"}],"curies":[{"name":"wp","href":"https:\/\/api.w.org\/{rel}","templated":true}]}}