{"id":2032,"date":"2026-04-25T15:00:33","date_gmt":"2026-04-25T20:00:33","guid":{"rendered":"https:\/\/megafoniando.cerrosfc.org\/?p=2032"},"modified":"2026-04-25T15:00:34","modified_gmt":"2026-04-25T20:00:34","slug":"sabores-de-mi-comuna-cuando-la-gastronomia-une-impulsa-y-transforma-la-comuna-9","status":"publish","type":"post","link":"https:\/\/megafoniando.cerrosfc.org\/index.php\/2026\/04\/25\/sabores-de-mi-comuna-cuando-la-gastronomia-une-impulsa-y-transforma-la-comuna-9\/","title":{"rendered":"Sabores de mi Comuna: cuando la gastronom\u00eda une, impulsa y transforma la Comuna 9."},"content":{"rendered":"\n<p>En la Comuna 9 se vivi\u00f3 mucho m\u00e1s que un evento gastron\u00f3mico; fue una experiencia cargada de identidad, encuentro y orgullo local que reuni\u00f3 lo mejor de su cocina en una iniciativa que dej\u00f3 huella: <em>Sabores de mi Comuna<\/em>.<\/p>\n\n\n\n<p>Durante 10 d\u00edas, las calles, cocinas y emprendimientos del territorio se convirtieron en el escenario perfecto para que 18 marcas locales compartieran su esencia a trav\u00e9s de cada plato. No se trat\u00f3 \u00fanicamente de ofrecer comida, sino de contar historias: recetas heredadas, apuestas innovadoras y sue\u00f1os que se construyen desde lo cotidiano. Cada preparaci\u00f3n llevaba consigo un pedazo del barrio, de su gente y de su cultura.<\/p>\n\n\n\n<p>El resultado fue contundente. M\u00e1s de 4.700 platos servidos hablan no solo del \u00e9xito en t\u00e9rminos de participaci\u00f3n, sino tambi\u00e9n del impacto real en la econom\u00eda local. Este festival se consolid\u00f3 como una vitrina para emprendedores, una oportunidad para fortalecer redes y, sobre todo, una excusa perfecta para que la comunidad se encontrara alrededor de la mesa, reconoci\u00e9ndose y celebr\u00e1ndose.<\/p>\n\n\n\n<p>En este video profundizamos en lo que significa <em>Sabores de mi Comuna<\/em>: su origen, sus objetivos y la manera en que funciona esta apuesta que combina gastronom\u00eda, cultura y desarrollo territorial. Conversamos sobre los desaf\u00edos que implica organizar un evento de esta magnitud, desde la articulaci\u00f3n entre actores hasta la log\u00edstica necesaria para que cada detalle sume a la experiencia.<\/p>\n\n\n\n<p>Pero, como toda buena historia, esta no termina aqu\u00ed. Lo que se vivi\u00f3 es solo el comienzo de un camino que sigue creciendo. Ya se est\u00e1 cocinando una nueva propuesta que promete conquistar otros sentidos: <em>Sabores de mi Comuna: el lado dulce<\/em>. Una edici\u00f3n que busca ampliar la experiencia, explorar nuevas posibilidades y seguir posicionando el talento local, con la mirada puesta en llegar a m\u00e1s rincones de la ciudad.<\/p>\n\n\n\n<p>Porque cuando la comunidad se une, los sabores trascienden el plato y se convierten en motor de transformaci\u00f3n.<\/p>\n\n\n\n<figure class=\"wp-block-embed is-type-video is-provider-youtube wp-block-embed-youtube wp-embed-aspect-16-9 wp-has-aspect-ratio\"><div class=\"wp-block-embed__wrapper\">\n<iframe loading=\"lazy\" title=\"Sabores de mi tierra \" width=\"960\" height=\"540\" src=\"https:\/\/www.youtube.com\/embed\/OhW-EaAYiig?feature=oembed\" frameborder=\"0\" allow=\"accelerometer; autoplay; clipboard-write; encrypted-media; gyroscope; picture-in-picture; web-share\" referrerpolicy=\"strict-origin-when-cross-origin\" allowfullscreen><\/iframe>\n<\/div><\/figure>\n","protected":false},"excerpt":{"rendered":"<p>En la Comuna 9 se vivi\u00f3 mucho m\u00e1s que un evento gastron\u00f3mico; fue una experiencia cargada de identidad, encuentro y orgullo local que reuni\u00f3 lo mejor de su cocina en una iniciativa que dej\u00f3 huella: Sabores de mi Comuna. Durante 10 d\u00edas, las calles, cocinas y emprendimientos del territorio se convirtieron en el escenario perfecto para que 18 marcas locales compartieran su esencia a trav\u00e9s de cada plato. No se trat\u00f3 \u00fanicamente de ofrecer comida, sino de contar historias: recetas heredadas, apuestas innovadoras y sue\u00f1os que se construyen desde lo cotidiano. Cada preparaci\u00f3n llevaba consigo un pedazo del barrio, de su gente y de su cultura. El resultado fue contundente. M\u00e1s de 4.700 platos servidos hablan no solo del \u00e9xito en t\u00e9rminos de participaci\u00f3n, sino tambi\u00e9n del impacto real en la econom\u00eda local. Este festival se consolid\u00f3 como una vitrina para emprendedores, una oportunidad para fortalecer redes y, sobre todo, una excusa perfecta para que la comunidad se encontrara alrededor de la mesa, reconoci\u00e9ndose y celebr\u00e1ndose. En este video profundizamos en lo que significa Sabores de mi Comuna: su origen, sus objetivos y la manera en que funciona esta apuesta que combina gastronom\u00eda, cultura y desarrollo territorial. Conversamos sobre los desaf\u00edos que implica organizar un evento de esta magnitud, desde la articulaci\u00f3n entre actores hasta la log\u00edstica necesaria para que cada detalle sume a la experiencia. Pero, como toda buena historia, esta no termina aqu\u00ed. Lo que se vivi\u00f3 es solo el comienzo de un camino que sigue creciendo. Ya se est\u00e1 cocinando una nueva propuesta que promete conquistar otros sentidos: Sabores de mi Comuna: el lado dulce. Una edici\u00f3n que busca ampliar la experiencia, explorar nuevas posibilidades y seguir posicionando el talento local, con la mirada puesta en llegar a m\u00e1s rincones de la ciudad. Porque cuando la comunidad se une, los sabores trascienden el plato y se convierten en motor de transformaci\u00f3n.<\/p>\n","protected":false},"author":1,"featured_media":0,"comment_status":"open","ping_status":"open","sticky":false,"template":"","format":"standard","meta":{"iawp_total_views":0,"_links_to":"","_links_to_target":""},"categories":[1],"tags":[],"_links":{"self":[{"href":"https:\/\/megafoniando.cerrosfc.org\/index.php\/wp-json\/wp\/v2\/posts\/2032"}],"collection":[{"href":"https:\/\/megafoniando.cerrosfc.org\/index.php\/wp-json\/wp\/v2\/posts"}],"about":[{"href":"https:\/\/megafoniando.cerrosfc.org\/index.php\/wp-json\/wp\/v2\/types\/post"}],"author":[{"embeddable":true,"href":"https:\/\/megafoniando.cerrosfc.org\/index.php\/wp-json\/wp\/v2\/users\/1"}],"replies":[{"embeddable":true,"href":"https:\/\/megafoniando.cerrosfc.org\/index.php\/wp-json\/wp\/v2\/comments?post=2032"}],"version-history":[{"count":1,"href":"https:\/\/megafoniando.cerrosfc.org\/index.php\/wp-json\/wp\/v2\/posts\/2032\/revisions"}],"predecessor-version":[{"id":2033,"href":"https:\/\/megafoniando.cerrosfc.org\/index.php\/wp-json\/wp\/v2\/posts\/2032\/revisions\/2033"}],"wp:attachment":[{"href":"https:\/\/megafoniando.cerrosfc.org\/index.php\/wp-json\/wp\/v2\/media?parent=2032"}],"wp:term":[{"taxonomy":"category","embeddable":true,"href":"https:\/\/megafoniando.cerrosfc.org\/index.php\/wp-json\/wp\/v2\/categories?post=2032"},{"taxonomy":"post_tag","embeddable":true,"href":"https:\/\/megafoniando.cerrosfc.org\/index.php\/wp-json\/wp\/v2\/tags?post=2032"}],"curies":[{"name":"wp","href":"https:\/\/api.w.org\/{rel}","templated":true}]}}