{"id":2145,"date":"2026-09-04T09:46:38","date_gmt":"2026-09-04T14:46:38","guid":{"rendered":"https:\/\/megafoniando.cerrosfc.org\/?p=2145"},"modified":"2026-09-04T09:50:52","modified_gmt":"2026-09-04T14:50:52","slug":"la-20-a-fiesta-del-libro-y-la-cultura-llega-a-medellin","status":"publish","type":"post","link":"https:\/\/megafoniando.cerrosfc.org\/index.php\/2026\/09\/04\/la-20-a-fiesta-del-libro-y-la-cultura-llega-a-medellin\/","title":{"rendered":"\u00a1La 20.\u00aa Fiesta del Libro y la Cultura llega a Medell\u00edn!"},"content":{"rendered":"\n<p class=\"wp-block-paragraph\"><strong>&nbsp;M\u00e1s de 3.600 actividades gratuitas en la Fiesta del Libro<\/strong><\/p>\n\n\n\n<p class=\"wp-block-paragraph\">La Fiesta del Libro y la Cultura de Medell\u00edn celebra sus 20 a\u00f1os con una programaci\u00f3n general que ofrecer\u00e1 m\u00e1s de 3.600 actividades gratuitas. Del 11 al 20 de septiembre, el Jard\u00edn Bot\u00e1nico, Parque Explora y otros espacios de la zona norte recibir\u00e1n a los visitantes en sus conversaciones, presentaciones de libros, talleres, cine, m\u00fasica y experiencias para todas las edades.La ciudad espera recibir m\u00e1s de medio mill\u00f3n de visitantes durante los diez d\u00edas. La 20.\u00aa Fiesta celebra as\u00ed dos d\u00e9cadas de encuentros alrededor de los libros y la lectura.&nbsp;<\/p>\n\n\n\n<p class=\"wp-block-paragraph\"><strong>Jard\u00edn Lectura Viva: m\u00e1s de 2.500 actividades<\/strong><\/p>\n\n\n\n<p class=\"wp-block-paragraph\">Jard\u00edn Lectura Viva ser\u00e1 el coraz\u00f3n interactivo de la 20.\u00aa Fiesta del Libro y la Cultura de Medell\u00edn, un espacio emblem\u00e1tico compuesto por 2.500 actividades que ofrecer\u00e1n 72 entidades en una apuesta decidida por la promoci\u00f3n de lectura. El p\u00fablico b\u00e1sico ser\u00e1n las ni\u00f1as, ni\u00f1os, j\u00f3venes, familias y comunidades, y contar\u00e1 con talleres, experiencias y propuestas de lectura, escritura y oralidad. Como estrategia organizativa los docentes, tutores y gestores de grupos pueden reservar los cupos para sus grupos en el aplicativo <a href=\"https:\/\/jlv.fiestadellibroylacultura.com\/\">https:\/\/jlv.fiestadellibroylacultura.com<\/a> Todas las actividades de la Fiesta son de entrada libre.&nbsp;<\/p>\n\n\n\n<p class=\"wp-block-paragraph\"><strong>Una gran muestra comercial para nuevos y expertos lectores<\/strong><\/p>\n\n\n\n<p class=\"wp-block-paragraph\">La 20.\u00aa Fiesta del Libro y la Cultura contar\u00e1 este a\u00f1o con 162 expositores en su muestra comercial. Editoriales independientes y universitarias, librer\u00edas, distribuidores y proyectos de c\u00f3mic, fanzines e ilustraci\u00f3n har\u00e1n parte de esta oferta. Los visitantes podr\u00e1n recorrer cat\u00e1logos, descubrir novedades y encontrar propuestas de distintos sectores del ecosistema del libro. La muestra comercial complementar\u00e1 la programaci\u00f3n cultural y ser\u00e1 otro de los espacios para encontrarse con los libros. Una oportunidad para conocer, comprar y llevarse nuevas lecturas de la Fiesta.&nbsp;<\/p>\n\n\n\n<p class=\"wp-block-paragraph\"><strong>Don Quijote llega a Medell\u00edn a hacer Fiesta<\/strong><\/p>\n\n\n\n<p class=\"wp-block-paragraph\">Don Quijote de la Mancha, invitado de la literatura universal, ser\u00e1 uno de los grandes protagonistas de las traves\u00edas de la lectura. Tendremos <em>El vuelo del Quijote<\/em>, un espect\u00e1culo de ballet, danza neocl\u00e1sica, el teatro y la m\u00fasica que hace homenaje a la obra cl\u00e1sica en un montaje dise\u00f1ado por la Orquesta Filarm\u00f3nica de Medell\u00edn y Musicreando; regalaremos 40.000 ejemplares del Cuentico Amarillo (#19 de la colecci\u00f3n) que este a\u00f1o fue escrito por Gilmer Mesa con el t\u00edtulo \u201cQuijote de barriada\u201d con las ilustraciones de Laura Ospina, ambos creadores de Medell\u00edn. Consulta toda la programaci\u00f3n en https:\/\/fiestadellibroylacultura.com.<\/p>\n\n\n\n<p class=\"wp-block-paragraph\"><strong>Corea del Sur, invitado de honor a la Fiesta del Libro y la Cultura de Medell\u00edn&nbsp;&nbsp;<\/strong><\/p>\n\n\n\n<p class=\"wp-block-paragraph\">La cultura surcoreana tendr\u00e1 un espacio destacado dentro de la programaci\u00f3n de la Fiesta, con un pabell\u00f3n especial en el Patio de las Azaleas del Jard\u00edn Bot\u00e1nico y 38 actividades especiales que permitir\u00e1n acercarse a sus expresiones literarias, art\u00edsticas y culturales.<\/p>\n\n\n\n<p class=\"wp-block-paragraph\">La presencia de Corea del Sur ampl\u00eda el di\u00e1logo entre Medell\u00edn y otras tradiciones culturales del mundo. Una oportunidad para descubrir nuevas historias, lenguajes y formas de creaci\u00f3n.&nbsp;<\/p>\n\n\n\n<p class=\"wp-block-paragraph\"><strong>Almad\u00eda, desde M\u00e9xico, nuestra editorial internacional invitada&nbsp;<\/strong><\/p>\n\n\n\n<p class=\"wp-block-paragraph\">En sus 20 a\u00f1os, la Fiesta del Libro y la Cultura recibe a Almad\u00eda como editorial internacional invitada: un sello independiente mexicano con una voz propia en la literatura latinoamericana y un cat\u00e1logo que re\u00fane nuevas voces, autores consolidados y distintas formas de exploraci\u00f3n literaria. La llegada de Almad\u00eda a Medell\u00edn representa tambi\u00e9n un reencuentro con Colombia, el primer pa\u00eds fuera de M\u00e9xico donde la editorial comenz\u00f3 a circular sus libros. Su delegaci\u00f3n estar\u00e1 integrada por su editor Guillermo Quijas, los autores mexicanos Andrea Chapela, Bernardo Esquinca, Daniela Tarazona, Alejandro Magallanes, la espa\u00f1ola Luna Miguel y la argentina Selva Almada.<\/p>\n\n\n\n<p class=\"wp-block-paragraph\"><strong>Cartarescu en Medell\u00edn&nbsp;<\/strong><\/p>\n\n\n\n<p class=\"wp-block-paragraph\">El escritor rumano Mircea C\u0103rt\u0103rescu, una de las principales figuras de la literatura europea contempor\u00e1nea y candidato recurrente al Premio Nobel de Literatura en los \u00faltimos a\u00f1os, ser\u00e1 otro de los grandes invitados de esta edici\u00f3n. Su obra, que combina imaginaci\u00f3n, memoria, autobiograf\u00eda y exploraci\u00f3n filos\u00f3fica, ha recibido reconocimientos como el Premio Formentor de las Letras, el Premio FIL de Literatura en Lenguas Romances y el Dublin Literary Award. Consulta toda la programaci\u00f3n en https:\/\/fiestadellibroylacultura.com.<\/p>\n\n\n\n<p class=\"wp-block-paragraph\"><strong>Albaluc\u00eda \u00c1ngel, ganadora del Premio Le\u00f3n de Greiff al m\u00e9rito literario<\/strong><\/p>\n\n\n\n<p class=\"wp-block-paragraph\">Uno de los anuncios centrales del lanzamiento fue el reconocimiento a la escritora colombiana Albaluc\u00eda \u00c1ngel, ganadora del Premio Le\u00f3n de Greiff al M\u00e9rito Literario 2026, en la categor\u00eda de narrativa. El galard\u00f3n ser\u00e1 entregado por la Fiesta del Libro y la Cultura de Medell\u00edn y la Universidad EAFIT en la apertura de la Fiesta el 11 de septiembre, y reconoce la trayectoria de escritores latinoamericanos cuya obra ha contribuido de manera significativa a la literatura en lengua espa\u00f1ola. En 2026, el premio contempla un est\u00edmulo de $40 millones y la publicaci\u00f3n de una antolog\u00eda representativa de su obra.&nbsp;<\/p>\n\n\n\n<p class=\"wp-block-paragraph\"><strong>Los oficios de la imaginaci\u00f3n<\/strong><\/p>\n\n\n\n<p class=\"wp-block-paragraph\">La Fiesta del Libro ofrece una nueva franja que agrupa viejas actividades conocidas y que recogen conversaciones y muestras especializadas desde la ilustraci\u00f3n, el c\u00f3mic, la edici\u00f3n, el cine, la m\u00fasica y las nuevas tecnolog\u00edas, para explorar c\u00f3mo se construyen las narrativas y c\u00f3mo los lenguajes creativos se transforman en el presente. Busca en la programaci\u00f3n <a href=\"https:\/\/fiestadellibroylacultura.com\">https:\/\/fiestadellibroylacultura.com<\/a> lo que proponen los Salones Especiales de los Eventos del Libro: Sal\u00f3n de Editoriales Independientes, Sal\u00f3n de la Autopublicaci\u00f3n, Sal\u00f3n Iberoamericano del Libro Universitario, Sal\u00f3n del Libro Infantil y Juvenil y Sal\u00f3n de Nuevas Lecturas.<\/p>\n\n\n\n<p class=\"wp-block-paragraph\"><strong>Medell\u00edn Capital Mundial del Libro 2027<\/strong><\/p>\n\n\n\n<p class=\"wp-block-paragraph\" style=\"font-size:14px\">El tradicional Sal\u00f3n La Piloto (organizado por la Biblioteca P\u00fablica Piloto) en el centro del Orquideorama del Jard\u00edn Bot\u00e1nico La Biblioteca P\u00fablica Piloto de Medell\u00edn abre este espacio para conversar sobre la historia bibliotecaria de la ciudad, su patrimonio escrito y el ecosistema del libro, de cara a Medell\u00edn Capital Mundial del Libro 2027. Bibliotecas, librer\u00edas, editoriales, autores e iniciativas de promoci\u00f3n de lectura hacen parte de una programaci\u00f3n que reconoce el camino recorrido y plantea preguntas sobre los retos y oportunidades de Medell\u00edn como ciudad lectora. Del 11 al 20 de septiembre. Consulta toda la programaci\u00f3n en <a href=\"https:\/\/fiestadellibroylacultura.com\">https:\/\/fiestadellibroylacultura.com<\/a><\/p>\n","protected":false},"excerpt":{"rendered":"<p>&nbsp;M\u00e1s de 3.600 actividades gratuitas en la Fiesta del Libro La Fiesta del Libro y la Cultura de Medell\u00edn celebra sus 20 a\u00f1os con una programaci\u00f3n general que ofrecer\u00e1 m\u00e1s de 3.600 actividades gratuitas. Del 11 al 20 de septiembre, el Jard\u00edn Bot\u00e1nico, Parque Explora y otros espacios de la zona norte recibir\u00e1n a los visitantes en sus conversaciones, presentaciones de libros, talleres, cine, m\u00fasica y experiencias para todas las edades.La ciudad espera recibir m\u00e1s de medio mill\u00f3n de visitantes durante los diez d\u00edas. La 20.\u00aa Fiesta celebra as\u00ed dos d\u00e9cadas de encuentros alrededor de los libros y la lectura.&nbsp; Jard\u00edn Lectura Viva: m\u00e1s de 2.500 actividades Jard\u00edn Lectura Viva ser\u00e1 el coraz\u00f3n interactivo de la 20.\u00aa Fiesta del Libro y la Cultura de Medell\u00edn, un espacio emblem\u00e1tico compuesto por 2.500 actividades que ofrecer\u00e1n 72 entidades en una apuesta decidida por la promoci\u00f3n de lectura. El p\u00fablico b\u00e1sico ser\u00e1n las ni\u00f1as, ni\u00f1os, j\u00f3venes, familias y comunidades, y contar\u00e1 con talleres, experiencias y propuestas de lectura, escritura y oralidad. Como estrategia organizativa los docentes, tutores y gestores de grupos pueden reservar los cupos para sus grupos en el aplicativo https:\/\/jlv.fiestadellibroylacultura.com Todas las actividades de la Fiesta son de entrada libre.&nbsp; Una gran muestra comercial para nuevos y expertos lectores La 20.\u00aa Fiesta del Libro y la Cultura contar\u00e1 este a\u00f1o con 162 expositores en su muestra comercial. Editoriales independientes y universitarias, librer\u00edas, distribuidores y proyectos de c\u00f3mic, fanzines e ilustraci\u00f3n har\u00e1n parte de esta oferta. Los visitantes podr\u00e1n recorrer cat\u00e1logos, descubrir novedades y encontrar propuestas de distintos sectores del ecosistema del libro. La muestra comercial complementar\u00e1 la programaci\u00f3n cultural y ser\u00e1 otro de los espacios para encontrarse con los libros. Una oportunidad para conocer, comprar y llevarse nuevas lecturas de la Fiesta.&nbsp; Don Quijote llega a Medell\u00edn a hacer Fiesta Don Quijote de la Mancha, invitado de la literatura universal, ser\u00e1 uno de los grandes protagonistas de las traves\u00edas de la lectura. Tendremos El vuelo del Quijote, un espect\u00e1culo de ballet, danza neocl\u00e1sica, el teatro y la m\u00fasica que hace homenaje a la obra cl\u00e1sica en un montaje dise\u00f1ado por la Orquesta Filarm\u00f3nica de Medell\u00edn y Musicreando; regalaremos 40.000 ejemplares del Cuentico Amarillo (#19 de la colecci\u00f3n) que este a\u00f1o fue escrito por Gilmer Mesa con el t\u00edtulo \u201cQuijote de barriada\u201d con las ilustraciones de Laura Ospina, ambos creadores de Medell\u00edn. Consulta toda la programaci\u00f3n en https:\/\/fiestadellibroylacultura.com. Corea del Sur, invitado de honor a la Fiesta del Libro y la Cultura de Medell\u00edn&nbsp;&nbsp; La cultura surcoreana tendr\u00e1 un espacio destacado dentro de la programaci\u00f3n de la Fiesta, con un pabell\u00f3n especial en el Patio de las Azaleas del Jard\u00edn Bot\u00e1nico y 38 actividades especiales que permitir\u00e1n acercarse a sus expresiones literarias, art\u00edsticas y culturales. La presencia de Corea del Sur ampl\u00eda el di\u00e1logo entre Medell\u00edn y otras tradiciones culturales del mundo. Una oportunidad para descubrir nuevas historias, lenguajes y formas de creaci\u00f3n.&nbsp; Almad\u00eda, desde M\u00e9xico, nuestra editorial internacional invitada&nbsp; En sus 20 a\u00f1os, la Fiesta del Libro y la Cultura recibe a Almad\u00eda como editorial internacional invitada: un sello independiente mexicano con una voz propia en la literatura latinoamericana y un cat\u00e1logo que re\u00fane nuevas voces, autores consolidados y distintas formas de exploraci\u00f3n literaria. La llegada de Almad\u00eda a Medell\u00edn representa tambi\u00e9n un reencuentro con Colombia, el primer pa\u00eds fuera de M\u00e9xico donde la editorial comenz\u00f3 a circular sus libros. Su delegaci\u00f3n estar\u00e1 integrada por su editor Guillermo Quijas, los autores mexicanos Andrea Chapela, Bernardo Esquinca, Daniela Tarazona, Alejandro Magallanes, la espa\u00f1ola Luna Miguel y la argentina Selva Almada. Cartarescu en Medell\u00edn&nbsp; El escritor rumano Mircea C\u0103rt\u0103rescu, una de las principales figuras de la literatura europea contempor\u00e1nea y candidato recurrente al Premio Nobel de Literatura en los \u00faltimos a\u00f1os, ser\u00e1 otro de los grandes invitados de esta edici\u00f3n. Su obra, que combina imaginaci\u00f3n, memoria, autobiograf\u00eda y exploraci\u00f3n filos\u00f3fica, ha recibido reconocimientos como el Premio Formentor de las Letras, el Premio FIL de Literatura en Lenguas Romances y el Dublin Literary Award. Consulta toda la programaci\u00f3n en https:\/\/fiestadellibroylacultura.com. Albaluc\u00eda \u00c1ngel, ganadora del Premio Le\u00f3n de Greiff al m\u00e9rito literario Uno de los anuncios centrales del lanzamiento fue el reconocimiento a la escritora colombiana Albaluc\u00eda \u00c1ngel, ganadora del Premio Le\u00f3n de Greiff al M\u00e9rito Literario 2026, en la categor\u00eda de narrativa. El galard\u00f3n ser\u00e1 entregado por la Fiesta del Libro y la Cultura de Medell\u00edn y la Universidad EAFIT en la apertura de la Fiesta el 11 de septiembre, y reconoce la trayectoria de escritores latinoamericanos cuya obra ha contribuido de manera significativa a la literatura en lengua espa\u00f1ola. En 2026, el premio contempla un est\u00edmulo de $40 millones y la publicaci\u00f3n de una antolog\u00eda representativa de su obra.&nbsp; Los oficios de la imaginaci\u00f3n La Fiesta del Libro ofrece una nueva franja que agrupa viejas actividades conocidas y que recogen conversaciones y muestras especializadas desde la ilustraci\u00f3n, el c\u00f3mic, la edici\u00f3n, el cine, la m\u00fasica y las nuevas tecnolog\u00edas, para explorar c\u00f3mo se construyen las narrativas y c\u00f3mo los lenguajes creativos se transforman en el presente. Busca en la programaci\u00f3n https:\/\/fiestadellibroylacultura.com lo que proponen los Salones Especiales de los Eventos del Libro: Sal\u00f3n de Editoriales Independientes, Sal\u00f3n de la Autopublicaci\u00f3n, Sal\u00f3n Iberoamericano del Libro Universitario, Sal\u00f3n del Libro Infantil y Juvenil y Sal\u00f3n de Nuevas Lecturas. Medell\u00edn Capital Mundial del Libro 2027 El tradicional Sal\u00f3n La Piloto (organizado por la Biblioteca P\u00fablica Piloto) en el centro del Orquideorama del Jard\u00edn Bot\u00e1nico La Biblioteca P\u00fablica Piloto de Medell\u00edn abre este espacio para conversar sobre la historia bibliotecaria de la ciudad, su patrimonio escrito y el ecosistema del libro, de cara a Medell\u00edn Capital Mundial del Libro 2027. Bibliotecas, librer\u00edas, editoriales, autores e iniciativas de promoci\u00f3n de lectura hacen parte de una programaci\u00f3n que reconoce el camino recorrido y plantea preguntas sobre los retos y oportunidades de Medell\u00edn como ciudad lectora. Del 11 al 20 de septiembre. Consulta toda la programaci\u00f3n en https:\/\/fiestadellibroylacultura.com<\/p>\n","protected":false},"author":1,"featured_media":2146,"comment_status":"open","ping_status":"open","sticky":false,"template":"","format":"standard","meta":{"iawp_total_views":5,"footnotes":"","_links_to":"","_links_to_target":""},"categories":[1],"tags":[],"class_list":["post-2145","post","type-post","status-publish","format-standard","has-post-thumbnail","hentry","category-blog"],"_links":{"self":[{"href":"https:\/\/megafoniando.cerrosfc.org\/index.php\/wp-json\/wp\/v2\/posts\/2145","targetHints":{"allow":["GET"]}}],"collection":[{"href":"https:\/\/megafoniando.cerrosfc.org\/index.php\/wp-json\/wp\/v2\/posts"}],"about":[{"href":"https:\/\/megafoniando.cerrosfc.org\/index.php\/wp-json\/wp\/v2\/types\/post"}],"author":[{"embeddable":true,"href":"https:\/\/megafoniando.cerrosfc.org\/index.php\/wp-json\/wp\/v2\/users\/1"}],"replies":[{"embeddable":true,"href":"https:\/\/megafoniando.cerrosfc.org\/index.php\/wp-json\/wp\/v2\/comments?post=2145"}],"version-history":[{"count":4,"href":"https:\/\/megafoniando.cerrosfc.org\/index.php\/wp-json\/wp\/v2\/posts\/2145\/revisions"}],"predecessor-version":[{"id":2150,"href":"https:\/\/megafoniando.cerrosfc.org\/index.php\/wp-json\/wp\/v2\/posts\/2145\/revisions\/2150"}],"wp:featuredmedia":[{"embeddable":true,"href":"https:\/\/megafoniando.cerrosfc.org\/index.php\/wp-json\/wp\/v2\/media\/2146"}],"wp:attachment":[{"href":"https:\/\/megafoniando.cerrosfc.org\/index.php\/wp-json\/wp\/v2\/media?parent=2145"}],"wp:term":[{"taxonomy":"category","embeddable":true,"href":"https:\/\/megafoniando.cerrosfc.org\/index.php\/wp-json\/wp\/v2\/categories?post=2145"},{"taxonomy":"post_tag","embeddable":true,"href":"https:\/\/megafoniando.cerrosfc.org\/index.php\/wp-json\/wp\/v2\/tags?post=2145"}],"curies":[{"name":"wp","href":"https:\/\/api.w.org\/{rel}","templated":true}]}}