{"id":2151,"date":"2026-09-05T18:15:40","date_gmt":"2026-09-05T23:15:40","guid":{"rendered":"https:\/\/megafoniando.cerrosfc.org\/?p=2151"},"modified":"2026-09-05T18:16:17","modified_gmt":"2026-09-05T23:16:17","slug":"la-adrenalina-ruge-de-nuevo-el-festival-de-descenso-regresa-a-la-comuna-9-despues-de-6-anos","status":"publish","type":"post","link":"https:\/\/megafoniando.cerrosfc.org\/index.php\/2026\/09\/05\/la-adrenalina-ruge-de-nuevo-el-festival-de-descenso-regresa-a-la-comuna-9-despues-de-6-anos\/","title":{"rendered":"\u00a1La adrenalina ruge de nuevo! El Festival de Descenso regresa a la Comuna 9 despu\u00e9s de 6 a\u00f1os."},"content":{"rendered":"\n<p class=\"wp-block-paragraph\"><strong>\u00a1La adrenalina volvi\u00f3 a la Comuna 9!<\/strong><\/p>\n\n\n\n<p class=\"wp-block-paragraph\">Las empinadas calles del barrio Buenos Aires se transformaron una vez m\u00e1s en la pista perfecta para la velocidad. Despu\u00e9s de 6 largos a\u00f1os de espera, el <strong>Festival de Descenso y Adrenalina<\/strong> regres\u00f3 a nuestro territorio, reclamando su lugar como uno de los eventos urbanos m\u00e1s emocionantes de la ciudad.<\/p>\n\n\n\n<p class=\"wp-block-paragraph\">El asfalto vibr\u00f3 con la energ\u00eda de cientos de j\u00f3venes y espectadores que se dieron cita para presenciar un espect\u00e1culo donde el talento, el v\u00e9rtigo y la pasi\u00f3n fueron los verdaderos protagonistas. Bicicletas, patines y veh\u00edculos de gravedad rodaron a toda velocidad, desafiando las pendientes y demostrando la destreza de los deportistas locales.<\/p>\n\n\n\n<p class=\"wp-block-paragraph\">Este evento es mucho m\u00e1s que una competencia de deportes extremos; es un acto de resistencia y apropiaci\u00f3n del espacio p\u00fablico. Una vez m\u00e1s, la <strong>Comuna 9<\/strong> nos demuestra que la cultura y el deporte no solo se viven en las canchas o en los teatros, sino que tambi\u00e9n <strong>se respiran y se viven sobre ruedas<\/strong>. El festival logr\u00f3 unir a la comunidad, reuniendo a familias, vecinos y colectivos en torno al sano esparcimiento y el apoyo al talento de barrio.<\/p>\n\n\n\n<p class=\"wp-block-paragraph\">Desde <strong>Megafoniando<\/strong> estuvimos ah\u00ed para capturar cada segundo de esta fiesta urbana. Porque si algo est\u00e1 claro, es que el descenso no es solo bajar una loma: es elevar el esp\u00edritu de toda una comuna.<\/p>\n\n\n\n<figure class=\"wp-block-embed is-type-video is-provider-youtube wp-block-embed-youtube wp-embed-aspect-16-9 wp-has-aspect-ratio\"><div class=\"wp-block-embed__wrapper\">\n<iframe loading=\"lazy\" title=\"\u00a1La velocidad volvi\u00f3 a tomarse las calles de Buenos Aires!\" width=\"960\" height=\"540\" src=\"https:\/\/www.youtube.com\/embed\/xMMim9McAMU?feature=oembed\" frameborder=\"0\" allow=\"accelerometer; autoplay; clipboard-write; encrypted-media; gyroscope; picture-in-picture; web-share\" referrerpolicy=\"strict-origin-when-cross-origin\" allowfullscreen><\/iframe>\n<\/div><\/figure>\n\n\n\n<p class=\"wp-block-paragraph\">\u00bfEstuviste en el festival o te lo perdiste? Revive los mejores momentos y la velocidad extrema en nuestro video exclusivo.<\/p>\n","protected":false},"excerpt":{"rendered":"<p>\u00a1La adrenalina volvi\u00f3 a la Comuna 9! Las empinadas calles del barrio Buenos Aires se transformaron una vez m\u00e1s en la pista perfecta para la velocidad. Despu\u00e9s de 6 largos a\u00f1os de espera, el Festival de Descenso y Adrenalina regres\u00f3 a nuestro territorio, reclamando su lugar como uno de los eventos urbanos m\u00e1s emocionantes de la ciudad. El asfalto vibr\u00f3 con la energ\u00eda de cientos de j\u00f3venes y espectadores que se dieron cita para presenciar un espect\u00e1culo donde el talento, el v\u00e9rtigo y la pasi\u00f3n fueron los verdaderos protagonistas. Bicicletas, patines y veh\u00edculos de gravedad rodaron a toda velocidad, desafiando las pendientes y demostrando la destreza de los deportistas locales. Este evento es mucho m\u00e1s que una competencia de deportes extremos; es un acto de resistencia y apropiaci\u00f3n del espacio p\u00fablico. Una vez m\u00e1s, la Comuna 9 nos demuestra que la cultura y el deporte no solo se viven en las canchas o en los teatros, sino que tambi\u00e9n se respiran y se viven sobre ruedas. El festival logr\u00f3 unir a la comunidad, reuniendo a familias, vecinos y colectivos en torno al sano esparcimiento y el apoyo al talento de barrio. Desde Megafoniando estuvimos ah\u00ed para capturar cada segundo de esta fiesta urbana. Porque si algo est\u00e1 claro, es que el descenso no es solo bajar una loma: es elevar el esp\u00edritu de toda una comuna. \u00bfEstuviste en el festival o te lo perdiste? Revive los mejores momentos y la velocidad extrema en nuestro video exclusivo.<\/p>\n","protected":false},"author":1,"featured_media":2152,"comment_status":"open","ping_status":"open","sticky":false,"template":"","format":"standard","meta":{"iawp_total_views":3,"footnotes":"","_links_to":"","_links_to_target":""},"categories":[1],"tags":[],"class_list":["post-2151","post","type-post","status-publish","format-standard","has-post-thumbnail","hentry","category-blog"],"_links":{"self":[{"href":"https:\/\/megafoniando.cerrosfc.org\/index.php\/wp-json\/wp\/v2\/posts\/2151","targetHints":{"allow":["GET"]}}],"collection":[{"href":"https:\/\/megafoniando.cerrosfc.org\/index.php\/wp-json\/wp\/v2\/posts"}],"about":[{"href":"https:\/\/megafoniando.cerrosfc.org\/index.php\/wp-json\/wp\/v2\/types\/post"}],"author":[{"embeddable":true,"href":"https:\/\/megafoniando.cerrosfc.org\/index.php\/wp-json\/wp\/v2\/users\/1"}],"replies":[{"embeddable":true,"href":"https:\/\/megafoniando.cerrosfc.org\/index.php\/wp-json\/wp\/v2\/comments?post=2151"}],"version-history":[{"count":2,"href":"https:\/\/megafoniando.cerrosfc.org\/index.php\/wp-json\/wp\/v2\/posts\/2151\/revisions"}],"predecessor-version":[{"id":2154,"href":"https:\/\/megafoniando.cerrosfc.org\/index.php\/wp-json\/wp\/v2\/posts\/2151\/revisions\/2154"}],"wp:featuredmedia":[{"embeddable":true,"href":"https:\/\/megafoniando.cerrosfc.org\/index.php\/wp-json\/wp\/v2\/media\/2152"}],"wp:attachment":[{"href":"https:\/\/megafoniando.cerrosfc.org\/index.php\/wp-json\/wp\/v2\/media?parent=2151"}],"wp:term":[{"taxonomy":"category","embeddable":true,"href":"https:\/\/megafoniando.cerrosfc.org\/index.php\/wp-json\/wp\/v2\/categories?post=2151"},{"taxonomy":"post_tag","embeddable":true,"href":"https:\/\/megafoniando.cerrosfc.org\/index.php\/wp-json\/wp\/v2\/tags?post=2151"}],"curies":[{"name":"wp","href":"https:\/\/api.w.org\/{rel}","templated":true}]}}